{"id":220,"date":"2023-12-19T14:07:41","date_gmt":"2023-12-19T13:07:41","guid":{"rendered":"https:\/\/lesabrisdumarin.fr\/?p=220"},"modified":"2025-01-30T15:45:09","modified_gmt":"2025-01-30T14:45:09","slug":"marins-fragiles","status":"publish","type":"post","link":"https:\/\/lesabrisdumarin.fr\/index.php\/2023\/12\/19\/marins-fragiles\/","title":{"rendered":"Marins fragiles"},"content":{"rendered":"\n<p class=\"nc-justify-text\">Le 3 d\u00e9cembre 2023,&nbsp;France TV&nbsp;(Littoral France 3 Bretagne) a diffus\u00e9&nbsp;le documentaire de&nbsp;Pierre-Fran\u00e7ois Lebrun \u00ab\u00a0Marins fragiles\u00a0\u00bb.<\/p>\n\n\n\n<p class=\"nc-justify-text\">Ce film raconte des tranches de vie glan\u00e9es dans le quotidien de ce lieu et des associations qui l\u2019animent :&nbsp;La Touline, Le&nbsp;Service Social Maritime&nbsp;et le&nbsp;Seamen\u2019s Club.&nbsp;Des portraits crois\u00e9s de marins mais aussi de celles et ceux qui les accompagnent et les soutiennent.<\/p>\n\n\n\n<p class=\"nc-justify-text\">Professionnels du social ou b\u00e9n\u00e9voles militants de la cause maritime, ils et elles montrent qu\u2019aux limites de la ville, le coeur du port bat encore.&nbsp;Retrouvez ce film d\u2019environ 20 minutes sur la plateforme France TV.<\/p>\n\n\n\n<p>Retrouvez le documentaire en replay ici<\/p>\n","protected":false},"excerpt":{"rendered":"<p>Le 3 d\u00e9cembre 2023,&nbsp;France TV&nbsp;(Littoral France 3 Bretagne) a diffus\u00e9&nbsp;le documentaire de&nbsp;Pierre-Fran\u00e7ois Lebrun \u00ab\u00a0Marins fragiles\u00a0\u00bb. Ce film raconte des tranches de vie glan\u00e9es dans le quotidien de ce lieu et des associations qui l\u2019animent :&nbsp;La Touline, Le&nbsp;Service Social Maritime&nbsp;et le&nbsp;Seamen\u2019s Club.&nbsp;Des portraits crois\u00e9s de marins mais aussi de celles et ceux qui les accompagnent et [&hellip;]<\/p>\n","protected":false},"author":1,"featured_media":0,"comment_status":"closed","ping_status":"closed","sticky":false,"template":"","format":"standard","meta":{"give_campaign_id":0,"_jetpack_memberships_contains_paid_content":false,"footnotes":""},"categories":[7],"tags":[],"class_list":["post-220","post","type-post","status-publish","format-standard","hentry","category-actualite"],"jetpack_featured_media_url":"","jetpack_sharing_enabled":true,"_links":{"self":[{"href":"https:\/\/lesabrisdumarin.fr\/index.php\/wp-json\/wp\/v2\/posts\/220","targetHints":{"allow":["GET"]}}],"collection":[{"href":"https:\/\/lesabrisdumarin.fr\/index.php\/wp-json\/wp\/v2\/posts"}],"about":[{"href":"https:\/\/lesabrisdumarin.fr\/index.php\/wp-json\/wp\/v2\/types\/post"}],"author":[{"embeddable":true,"href":"https:\/\/lesabrisdumarin.fr\/index.php\/wp-json\/wp\/v2\/users\/1"}],"replies":[{"embeddable":true,"href":"https:\/\/lesabrisdumarin.fr\/index.php\/wp-json\/wp\/v2\/comments?post=220"}],"version-history":[{"count":1,"href":"https:\/\/lesabrisdumarin.fr\/index.php\/wp-json\/wp\/v2\/posts\/220\/revisions"}],"predecessor-version":[{"id":221,"href":"https:\/\/lesabrisdumarin.fr\/index.php\/wp-json\/wp\/v2\/posts\/220\/revisions\/221"}],"wp:attachment":[{"href":"https:\/\/lesabrisdumarin.fr\/index.php\/wp-json\/wp\/v2\/media?parent=220"}],"wp:term":[{"taxonomy":"category","embeddable":true,"href":"https:\/\/lesabrisdumarin.fr\/index.php\/wp-json\/wp\/v2\/categories?post=220"},{"taxonomy":"post_tag","embeddable":true,"href":"https:\/\/lesabrisdumarin.fr\/index.php\/wp-json\/wp\/v2\/tags?post=220"}],"curies":[{"name":"wp","href":"https:\/\/api.w.org\/{rel}","templated":true}]}}